{"id":1956,"date":"2009-02-24T02:42:49","date_gmt":"2009-02-24T10:42:49","guid":{"rendered":"http:\/\/cyrusfarivar.com\/blog\/?p=1956"},"modified":"2009-02-24T02:42:49","modified_gmt":"2009-02-24T10:42:49","slug":"palju-onne-sunnipaevaks-eestimaa","status":"publish","type":"post","link":"https:\/\/cyrusfarivar.com\/blog\/2009\/02\/24\/palju-onne-sunnipaevaks-eestimaa\/","title":{"rendered":"Palju \u00f5nne s\u00fcnnip\u00e4evaks, Eestimaa!"},"content":{"rendered":"<p><a href=\"http:\/\/www.president.ee\/en\/estonia\/symbols.php\"><img decoding=\"async\" src=\"http:\/\/www.president.ee\/img\/eestivapp.gif\" align=\"right\" vspace=\"20\" hspace=\"20\"\/><\/a><a href=\"http:\/\/www.president.ee\/en\/estonia\/\">Estonian Declaration of Independence, 24 February 1918<\/a><\/p>\n<p><i>MANIFESTO<br \/>\nTo All The Peoples of Estonia<\/p>\n<p>Never in the course of centuries have the Estonian people lost their ardent desire for Independence. From generation to generation Estonians have kept alive the secret hope that in spite of enslavement and oppression by other nations the time will come in Estonia &#8220;when all splinters, at both end, will burst forth into flames&#8221; and when &#8220;Kalev will come home to bring his children happiness.&#8221;<\/p>\n<p>Now this time has arrived.<\/i><\/p>\n<p><i><a href=\"http:\/\/www.president.ee\/et\/vabariik\/manifest.php\">Manifest k\u00f5igile Eestimaa rahvastele<\/a><\/p>\n<p>Eesti rahvas ei ole aastasadade jooksul kaotanud tungi iseseisvuse j\u00e4rele. P\u00f5lvest p\u00f5lve on temas kestnud salajane lootus, et hoolimata pimedast orja\u00f6\u00f6st ja v\u00f5\u00f5raste rahvaste v\u00e4givallavalitsusest veel kord Eestis aeg tuleb, mil &#8220;k\u00f5ik piirud kahel otsal lausa l\u00f6\u00f6vad l\u00f5kendama&#8221; ja et &#8220;kord Kalev koju j\u00f5uab oma lastel \u00f5nne tooma&#8221;.<\/p>\n<p>N\u00fc\u00fcd on see aeg k\u00e4es.<\/i><\/p>\n","protected":false},"excerpt":{"rendered":"<p>Estonian Declaration of Independence, 24 February 1918 MANIFESTO To All The Peoples of Estonia Never in the course of centuries have the Estonian people lost their ardent desire for Independence. From generation to generation Estonians have kept alive the secret hope that in spite of enslavement and oppression by other nations the time will come in Estonia &#8220;when all splinters, at both end, will burst forth into flames&#8221; and when &#8220;Kalev will come home to bring his children happiness.&#8221; Now&hellip;<\/p>\n","protected":false},"author":2,"featured_media":0,"comment_status":"open","ping_status":"open","sticky":false,"template":"","format":"aside","meta":{"jetpack_post_was_ever_published":false,"_jetpack_newsletter_access":"","_jetpack_dont_email_post_to_subs":false,"_jetpack_newsletter_tier_id":0,"_jetpack_memberships_contains_paywalled_content":false,"_jetpack_memberships_contains_paid_content":false,"footnotes":"","jetpack_publicize_message":"","jetpack_publicize_feature_enabled":true,"jetpack_social_post_already_shared":false,"jetpack_social_options":{"image_generator_settings":{"template":"highway","default_image_id":0,"font":"","enabled":false},"version":2}},"categories":[57],"tags":[],"class_list":["post-1956","post","type-post","status-publish","format-aside","hentry","category-estonia","post_format-post-format-aside"],"jetpack_publicize_connections":[],"jetpack_featured_media_url":"","jetpack_shortlink":"https:\/\/wp.me\/p4uks-vy","jetpack_sharing_enabled":true,"_links":{"self":[{"href":"https:\/\/cyrusfarivar.com\/blog\/wp-json\/wp\/v2\/posts\/1956","targetHints":{"allow":["GET"]}}],"collection":[{"href":"https:\/\/cyrusfarivar.com\/blog\/wp-json\/wp\/v2\/posts"}],"about":[{"href":"https:\/\/cyrusfarivar.com\/blog\/wp-json\/wp\/v2\/types\/post"}],"author":[{"embeddable":true,"href":"https:\/\/cyrusfarivar.com\/blog\/wp-json\/wp\/v2\/users\/2"}],"replies":[{"embeddable":true,"href":"https:\/\/cyrusfarivar.com\/blog\/wp-json\/wp\/v2\/comments?post=1956"}],"version-history":[{"count":0,"href":"https:\/\/cyrusfarivar.com\/blog\/wp-json\/wp\/v2\/posts\/1956\/revisions"}],"wp:attachment":[{"href":"https:\/\/cyrusfarivar.com\/blog\/wp-json\/wp\/v2\/media?parent=1956"}],"wp:term":[{"taxonomy":"category","embeddable":true,"href":"https:\/\/cyrusfarivar.com\/blog\/wp-json\/wp\/v2\/categories?post=1956"},{"taxonomy":"post_tag","embeddable":true,"href":"https:\/\/cyrusfarivar.com\/blog\/wp-json\/wp\/v2\/tags?post=1956"}],"curies":[{"name":"wp","href":"https:\/\/api.w.org\/{rel}","templated":true}]}}